{"id":3773,"date":"2014-05-09T11:11:43","date_gmt":"2014-05-09T08:11:43","guid":{"rendered":"http:\/\/www.galbanatvest.ro\/?p=3773"},"modified":"2014-05-28T11:31:23","modified_gmt":"2014-05-28T08:31:23","slug":"anunt-recrutare-personal-7","status":"publish","type":"post","link":"https:\/\/www.galbanatvest.ro\/?p=3773","title":{"rendered":"Anun\u021b recrutare personal"},"content":{"rendered":"<p><b>Asocia\u021bia Grup de Ac\u021biune Local\u0103 (GAL) \u201cBanat-Vest\u201d <\/b>este o organiza\u021bie nonguvernamental\u0103 care activeaz\u0103 \u00een domeniul dezvolt\u0103rii rurale, av\u00e2nd la baz\u0103 un parteneriat public\u2013privat, care reune\u0219te 60 de parteneri (organiza\u021bii non-guvernamentale, administra\u021bii publice locale \u0219i societ\u0103\u021bi comerciale) din 11 localit\u0103\u021bi apar\u021bin\u00e2nd teritoriului Microregiunii Banat-Ripensis.<\/p>\n<p><b>Asocia\u0163ia GAL \u201cBanat-Vest\u201d <\/b>scoate la concurs, \u00een vederea implement\u0103rii <b>Planului de Dezvoltare Local\u0103 <\/b>finan\u021bat prin <b>Axa LEADER din Programul Na\u021bional de Dezvoltare Rural\u0103 (PNDR)<\/b>, care prevede finan\u021barea strategiilor integrate de dezvoltare local\u0103, \u00eentr-un cadru care \u00eencurajeaz\u0103 abordarea partenerial\u0103 \u0219i teritorial\u0103, un post de manager, cu men\u021biunea c\u0103 postul presupune at\u00e2t munca la sediul asocia\u021biei din Jimbolia, strada \u0218tefan Cel Mare nr. 9 c\u00e2t \u0219i munc\u0103 de teren \u00een teritoriul microregiunii cuprinse \u00een GAL.<\/p>\n<p><b>\u00a0<\/b><b>1.\u00a0\u00a0\u00a0\u00a0 <\/b><b>Secretar &#8211; 1 post (full time)<\/b><\/p>\n<table border=\"1\" cellspacing=\"0\" cellpadding=\"0\">\n<tbody>\n<tr>\n<td valign=\"top\" width=\"196\"><b>Cerin\u021bele postului<\/b><\/td>\n<td valign=\"top\" width=\"559\">Cerin\u021bele postului<\/p>\n<p>\u2022Studii superioare<\/p>\n<p>\u2022Experien\u021b\u0103 profesional\u0103 \u00een activit\u0103\u021bi de organizare, coordonare \u0219i rela\u021bii publice (minim 2 ani)<\/p>\n<p>\u2022Cuno\u0219tin\u021be Operare PC Word, Excel, Internet<\/p>\n<p>\u2022Cunoa\u0219terea unei limbi de circulatie interna\u021bional\u0103 (englez\u0103, german\u0103, francez\u0103)<\/p>\n<p>\u2022Carnet conducere (cat.B)<\/p>\n<p>\u2022Constituie avantaj:<\/p>\n<p>\u2022Absolvirea de cursuri \u00een domeniul dezvolt\u0103rii comunitare, certificat CNFPA de management de proiect, activitate relevant\u0103 \u00een activit\u0103\u021bi legate de PNDR \u0219i \u00een special de Axa IV \u2013 LEADER; Experien\u021b\u0103 relevant\u0103 \u00een mamagementul proiectelor si structurilor finan\u021bate cu fonduri Europene.<\/td>\n<\/tr>\n<\/tbody>\n<\/table>\n<div class='avia-button-wrap avia-button-left '><a href='http:\/\/www.galbanatvest.ro\/wp-content\/uploads\/2014\/05\/FISA-POSTULUI-SECRETAR.pdf' class='avia-button   avia-icon_select-yes-left-icon avia-color-teal avia-size-medium avia-position-left '  target=\"_blank\"   ><span class='avia_button_icon avia_button_icon_left ' aria-hidden='true' data-av_icon='\ue851' data-av_iconfont='entypo-fontello'><\/span><span class='avia_iconbox_title' >Fi\u0219a postului se poate desc\u0103rca de AICI.<\/span><\/a><\/div>\n<p><b>Cei interesa\u021bi vor transmite CV-ul pe adresa de e-mail: <\/b><a href=\"mailto:gal.banat_vest@yahoo.ro\"><b>gal.banat_vest@yahoo.ro<\/b><\/a><b> sau la sediul Asocia\u021biei GAL \u201eBanat-Vest\u201d din Jimbolia, Strada \u0218tefan Cel Mare, nr. 9<\/b><\/p>\n<p>Pentru a participa la selec\u021bie v\u0103 rug\u0103m s\u0103 transmite\u021bi CV Europass \u00een care ve\u021bi men\u021biona postul pentru care candida\u021bi p\u00e2n\u0103 la data de <strong>21.05.2014<\/strong> De asemenenea la rubrica \u201dsubiect\u201d a e-mail-lui transmis v\u0103 rug\u0103m s\u0103 men\u021biona\u021bi \u00a0\u201dCV pentru postul \u2026\u2026.\u201d .<\/p>\n<p><strong>\u00a0<\/strong><\/p>\n<p><strong>Selec\u021bia va fi realizat\u0103 dup\u0103 cum urmeaz\u0103:<\/strong><\/p>\n<p><strong>Etapa 1<\/strong> &#8211; Pe baza dosarelor vor fi selecta\u021bi candida\u021bii care \u00eendeplinesc toate criterile enumerate.<\/p>\n<p><strong>Etapa\u00a0\u00a0 2<\/strong> &#8211; Organizarea interviului de selec\u021bie. Pentru acest post, interviul va fi organizat de Reprezentantul legal al GAL \u0219i membrii Consiliului Director al GAL. Datele estimative ale organiz\u0103rii interviurilor sunt: <strong>27.05.2014 \u2013 28.05.2014<\/strong>. Evaluarea cererilor primite se va face cu respectarea principiului confiden\u021bialit\u0103\u021bii \u0219i a egalit\u0103\u021bii de \u0219anse. Vor fi contactate numai persoanele care \u00eendeplinesc cerin\u021bele men\u021bionate.. Candida\u021bii selecta\u021bi pentru interviu vor fi contacta\u021bi telefonic pentru planificarea interviului.<\/p>\n<p>\u00cen cazul \u00een care ve\u021bi fi selectat pentru interviu v\u0103 rug\u0103m s\u0103 consulta\u021bi urm\u0103toarele documente:<\/p>\n<p>-Programul Na\u021bional de Dezvoltare Rural\u0103 \u2013ultima variant\u0103<br \/>\n-Plan de Dezvoltare Local\u0103 al teritoriului reprezentat de GAL \u201eBanat-Vest\u201d care poate fi solicitat de la sediul asocia\u021biei \u00eentre orele 10<sup>00<\/sup> \u0219i 14<sup>00<\/sup><br \/>\n-Fi\u0219a postului specific\u0103<\/p>\n<p>&nbsp;<\/p>\n<p>Totodat\u0103, dac\u0103 ve\u021bi fi selectat la interviu v\u0103 rug\u0103m s\u0103 prezenta\u021bi, acte doveditoare pentru experien\u021ba solicitat\u0103 \u0219i copii dup\u0103 diplom\u0103 \u0219i calific\u0103ri. Informa\u021bii suplimentare pute\u021bi solicita la adresa de e-mail men\u021bionat\u0103 mai sus<b>, <\/b>sau telefon +40 0725522931 Gorgan Ionela Lidia- Manager \u00a0GAL Banat-Vest<b>.<\/b><\/p>\n<p>&nbsp;<\/p>\n<p>&nbsp;<\/p>\n<p>&nbsp;<\/p>\n<p>&nbsp;<\/p>\n<p>&nbsp;<\/p>\n","protected":false},"excerpt":{"rendered":"<p>Asocia\u021bia Grup de Ac\u021biune Local\u0103 (GAL) \u201cBanat-Vest\u201d este o organiza\u021bie nonguvernamental\u0103 care activeaz\u0103 \u00een domeniul dezvolt\u0103rii rurale, av\u00e2nd la baz\u0103 un parteneriat public\u2013privat, care reune\u0219te 60 de parteneri (organiza\u021bii non-guvernamentale, administra\u021bii publice locale \u0219i societ\u0103\u021bi comerciale) din 11 localit\u0103\u021bi apar\u021bin\u00e2nd teritoriului Microregiunii Banat-Ripensis. Asocia\u0163ia GAL \u201cBanat-Vest\u201d scoate la concurs, \u00een vederea implement\u0103rii Planului de Dezvoltare [&hellip;]<\/p>\n","protected":false},"author":1,"featured_media":2942,"comment_status":"open","ping_status":"open","sticky":false,"template":"","format":"standard","meta":{"_bbp_topic_count":0,"_bbp_reply_count":0,"_bbp_total_topic_count":0,"_bbp_total_reply_count":0,"_bbp_voice_count":0,"_bbp_anonymous_reply_count":0,"_bbp_topic_count_hidden":0,"_bbp_reply_count_hidden":0,"_bbp_forum_subforum_count":0,"footnotes":""},"categories":[40],"tags":[],"class_list":["post-3773","post","type-post","status-publish","format-standard","has-post-thumbnail","hentry","category-angajari"],"_links":{"self":[{"href":"https:\/\/www.galbanatvest.ro\/index.php?rest_route=\/wp\/v2\/posts\/3773","targetHints":{"allow":["GET"]}}],"collection":[{"href":"https:\/\/www.galbanatvest.ro\/index.php?rest_route=\/wp\/v2\/posts"}],"about":[{"href":"https:\/\/www.galbanatvest.ro\/index.php?rest_route=\/wp\/v2\/types\/post"}],"author":[{"embeddable":true,"href":"https:\/\/www.galbanatvest.ro\/index.php?rest_route=\/wp\/v2\/users\/1"}],"replies":[{"embeddable":true,"href":"https:\/\/www.galbanatvest.ro\/index.php?rest_route=%2Fwp%2Fv2%2Fcomments&post=3773"}],"version-history":[{"count":9,"href":"https:\/\/www.galbanatvest.ro\/index.php?rest_route=\/wp\/v2\/posts\/3773\/revisions"}],"predecessor-version":[{"id":3786,"href":"https:\/\/www.galbanatvest.ro\/index.php?rest_route=\/wp\/v2\/posts\/3773\/revisions\/3786"}],"wp:featuredmedia":[{"embeddable":true,"href":"https:\/\/www.galbanatvest.ro\/index.php?rest_route=\/wp\/v2\/media\/2942"}],"wp:attachment":[{"href":"https:\/\/www.galbanatvest.ro\/index.php?rest_route=%2Fwp%2Fv2%2Fmedia&parent=3773"}],"wp:term":[{"taxonomy":"category","embeddable":true,"href":"https:\/\/www.galbanatvest.ro\/index.php?rest_route=%2Fwp%2Fv2%2Fcategories&post=3773"},{"taxonomy":"post_tag","embeddable":true,"href":"https:\/\/www.galbanatvest.ro\/index.php?rest_route=%2Fwp%2Fv2%2Ftags&post=3773"}],"curies":[{"name":"wp","href":"https:\/\/api.w.org\/{rel}","templated":true}]}}