{"id":3034,"date":"2013-11-29T22:35:01","date_gmt":"2013-11-29T20:35:01","guid":{"rendered":"http:\/\/www.galbanatvest.ro\/?p=3034"},"modified":"2014-03-25T14:31:07","modified_gmt":"2014-03-25T12:31:07","slug":"conferinta-tematica","status":"publish","type":"post","link":"https:\/\/www.galbanatvest.ro\/?p=3034","title":{"rendered":"Conferin\u021b\u0103 tematic\u0103"},"content":{"rendered":"<p style=\"text-align: justify;\">Comunicat de pres\u0103, conferin\u021ba tematic\u0103 intitulat\u0103 \u201eSchimb de experien\u021b\u0103, expertiz\u0103 \u015fi bune practici \u00een domeniul implement\u0103rii corepunz\u0103toare a Strategiei de dezvoltare local\u0103\u201d organizat\u0103 \u00een cadrul proiectului \u201cFunc\u021bionarea Grupului de Ac\u021biune Local\u0103, dob\u00e2ndirea de competen\u021be \u0219i animarea teritoriului.\u201d<\/p>\n<blockquote>\n<p style=\"text-align: justify;\"><strong>COMUNICAT DE PRESA<\/strong><\/p>\n<p style=\"text-align: justify;\"><b>CONFERIN\u021a\u0102 TEMATIC\u0102 organizat\u0103 de GAL \u201cBANAT-VEST\u201d<\/b><\/p>\n<p style=\"text-align: justify;\">Asocia\u021bia Grup de Ac\u0163iune Local\u0103 \u201cBanat-Vest\u201d, Jude\u0163ul Timi\u0219, \u00a0v\u0103 invit \u0103 s\u0103 participa\u021bi \u00een 02.12 2013, \u00eencep\u00e2nd cu orele 1200 la sediul GAL din ora\u0219ul Jimbo lia, str. \u0218tefan cel Mare la conferin\u021ba tematic\u0103 nr. IV, \u00a0intitulat\u0103 \u00a0\u201eSchimb \u00a0de \u00a0experie\u021b\u0103n, \u00a0expertiz\u0103 \u00a0\u015fi \u00a0bune \u00a0practici\u00a0\u00a0 \u00een \u00a0domeniul \u00a0implement\u0103rii corepunz\u0103toare a Strategiei de dezvoltare local\u0103\u201dorganizat\u0103 \u00een cadrul proiectului \u201cFunc\u021bionarea Grupului de Ac\u021biune Local\u0103, dob\u00e2ndirea de competen\u021be \u0219i animarea teritoriului.\u201d<\/p>\n<p style=\"text-align: justify;\">Rolul acestei conferin\u0163e vizeaz\u0103 identificarea exemplelor de bune practici baz\u00e2ndu-ne pe experien\u021ba echipelor tehnice ale GAL-urilor din regiunea Vest, implementarea \u00een cond\u021biii optime a strategiei, preg\u0103tirea \u0219i aplicarea eficient\u0103 de noi finan\u021b\u0103ri disponibile prin axa \u00a0LEADER.<\/p>\n<p style=\"text-align: justify;\">Planul de Dezvoltare Local\u0103 pune un accent deosebit pe cooperar\u0219ei colaborare. Astfel c\u0103, obiectivul principal al conferin\u021bei tematice este\u00a0 \u00a0con\u0219tientizarea avantajelor colabor\u0103rii \u0219i cooper\u0103rii. Valoriz\u00e2nd experien\u021ba \u00a0resurselor \u00a0umane \u00a0din \u00a0compartimentele \u00a0tehnice \u00a0ale \u00a0Gal-urilor \u00a0\u0219i \u00a0disemin\u00e2nd \u00a0rezultatele ob\u021binute \u00a0de \u00a0c\u0103tre \u00a0acestea \u00a0vom \u00a0contribui \u00a0la \u00a0crearea \u00a0p\u00e2rghiilor \u00a0necesare \u00a0facilit\u0103rii \u00a0implement\u0103rii strategiilor de dezvoltare local\u0103 elabor\u0103rii viitoarelor strategii.<\/p>\n<p style=\"text-align: justify;\">Grupul de Ac\u021biune Local\u0103 (GAL) \u201cBanat-Vest\u201d este un parteneriat public privat care reune\u015fte 60 de membri (persoane fizice \u015fi juridice provenind din mediul privat, public \u015fi sectorul asociativ), constituit \u00een cadrul Axei 4 Leader din cadrul Programului Na\u0163ional de Dezvoltare Rural\u0103. GAL-ul este \u00a0autorizat s\u0103 implementeze Planul de Dezvoltare Local\u0103 al teritoriului care acoper\u0103 ora\u015ful Jimbolia \u015fi 10 comune \u00eenvecinate: C\u0103rpini\u015f, Cenei, Checea, Comlo\u015fu Mare, Gottlob, Iecea Mare, Lenauheim, Otelec, S\u0103c\u0103laz \u015fi Uivar.<\/p>\n<p style=\"text-align: center;\">Grupul de Ac\u0163iune Local\u0103 &#8222;Banat-Vest&#8221;\u00a0\u00a0\u00a0\u00a0\u00a0\u00a0\u00a0\u00a0\u00a0\u00a0\u00a0\u00a0\u00a0\u00a0\u00a0\u00a0\u00a0\u00a0\u00a0\u00a0\u00a0\u00a0\u00a0\u00a0\u00a0\u00a0\u00a0\u00a0\u00a0\u00a0\u00a0\u00a0\u00a0\u00a0\u00a0\u00a0\u00a0\u00a0\u00a0\u00a0\u00a0\u00a0\u00a0\u00a0\u00a0\u00a0\u00a0\u00a0\u00a0\u00a0\u00a0\u00a0\u00a0 Soltesz Mihaela,<\/p>\n<p style=\"text-align: center;\">Departament Comunicare \u015fi Rela\u0163ii Publice\u00a0\u00a0\u00a0\u00a0\u00a0\u00a0\u00a0\u00a0\u00a0\u00a0\u00a0\u00a0\u00a0\u00a0\u00a0\u00a0\u00a0\u00a0\u00a0\u00a0\u00a0\u00a0\u00a0\u00a0\u00a0\u00a0\u00a0\u00a0\u00a0\u00a0\u00a0\u00a0\u00a0\u00a0\u00a0\u00a0\u00a0\u00a0\u00a0\u00a0\u00a0\u00a0\u00a0\u00a0\u00a0\u00a0\u00a0\u00a0 Manager GAL<\/p>\n<\/blockquote>\n","protected":false},"excerpt":{"rendered":"<p>Comunicat de pres\u0103, conferin\u021ba tematic\u0103 intitulat\u0103 \u201eSchimb de experien\u021b\u0103, expertiz\u0103 \u015fi bune practici \u00een domeniul implement\u0103rii corepunz\u0103toare a Strategiei de dezvoltare local\u0103\u201d organizat\u0103 \u00een cadrul proiectului \u201cFunc\u021bionarea Grupului de Ac\u021biune Local\u0103, dob\u00e2ndirea de competen\u021be \u0219i animarea teritoriului.\u201d COMUNICAT DE PRESA CONFERIN\u021a\u0102 TEMATIC\u0102 organizat\u0103 de GAL \u201cBANAT-VEST\u201d Asocia\u021bia Grup de Ac\u0163iune Local\u0103 \u201cBanat-Vest\u201d, Jude\u0163ul Timi\u0219, \u00a0v\u0103 [&hellip;]<\/p>\n","protected":false},"author":1,"featured_media":3108,"comment_status":"open","ping_status":"open","sticky":false,"template":"","format":"standard","meta":{"_bbp_topic_count":0,"_bbp_reply_count":0,"_bbp_total_topic_count":0,"_bbp_total_reply_count":0,"_bbp_voice_count":0,"_bbp_anonymous_reply_count":0,"_bbp_topic_count_hidden":0,"_bbp_reply_count_hidden":0,"_bbp_forum_subforum_count":0,"footnotes":""},"categories":[68,37],"tags":[],"class_list":["post-3034","post","type-post","status-publish","format-standard","has-post-thumbnail","hentry","category-presa-2013","category-comunicare"],"_links":{"self":[{"href":"https:\/\/www.galbanatvest.ro\/index.php?rest_route=\/wp\/v2\/posts\/3034","targetHints":{"allow":["GET"]}}],"collection":[{"href":"https:\/\/www.galbanatvest.ro\/index.php?rest_route=\/wp\/v2\/posts"}],"about":[{"href":"https:\/\/www.galbanatvest.ro\/index.php?rest_route=\/wp\/v2\/types\/post"}],"author":[{"embeddable":true,"href":"https:\/\/www.galbanatvest.ro\/index.php?rest_route=\/wp\/v2\/users\/1"}],"replies":[{"embeddable":true,"href":"https:\/\/www.galbanatvest.ro\/index.php?rest_route=%2Fwp%2Fv2%2Fcomments&post=3034"}],"version-history":[{"count":6,"href":"https:\/\/www.galbanatvest.ro\/index.php?rest_route=\/wp\/v2\/posts\/3034\/revisions"}],"predecessor-version":[{"id":3333,"href":"https:\/\/www.galbanatvest.ro\/index.php?rest_route=\/wp\/v2\/posts\/3034\/revisions\/3333"}],"wp:featuredmedia":[{"embeddable":true,"href":"https:\/\/www.galbanatvest.ro\/index.php?rest_route=\/wp\/v2\/media\/3108"}],"wp:attachment":[{"href":"https:\/\/www.galbanatvest.ro\/index.php?rest_route=%2Fwp%2Fv2%2Fmedia&parent=3034"}],"wp:term":[{"taxonomy":"category","embeddable":true,"href":"https:\/\/www.galbanatvest.ro\/index.php?rest_route=%2Fwp%2Fv2%2Fcategories&post=3034"},{"taxonomy":"post_tag","embeddable":true,"href":"https:\/\/www.galbanatvest.ro\/index.php?rest_route=%2Fwp%2Fv2%2Ftags&post=3034"}],"curies":[{"name":"wp","href":"https:\/\/api.w.org\/{rel}","templated":true}]}}