{"id":3033,"date":"2013-10-11T22:45:29","date_gmt":"2013-10-11T19:45:29","guid":{"rendered":"http:\/\/www.galbanatvest.ro\/?p=3033"},"modified":"2014-03-25T14:45:35","modified_gmt":"2014-03-25T12:45:35","slug":"3033","status":"publish","type":"post","link":"https:\/\/www.galbanatvest.ro\/?p=3033","title":{"rendered":"Comunicat de pres\u0103"},"content":{"rendered":"<p>Comunicat de pres\u0103, seminar de informare cu tema \u201ePerspective \u00een dezvoltarea local\u0103 \u00een cadrul teritoriului cuprins de Asocia\u021bia Grup de Ac\u021biune Local\u0103 Banat-Vest.\u201d<\/p>\n<blockquote>\n<p align=\"center\"><b>GAL \u201cBANAT-VEST\u201d organizeaz\u0103 SEMINARII DE INFORMARE cu tema<\/b><\/p>\n<p align=\"center\">\u201ePerspective \u00een dezvoltarea local\u0103 \u00een cadrul teritoriului cuprins de Asocia\u021bia Grup de Ac\u021biune\u00a0Locala Banat-Vest\u201d.<\/p>\n<p style=\"text-align: justify;\">\u00a0Grupul de Ac\u0163iune Local\u0103 \u201cBanat-Vest\u201d, Jude\u0163ul Tim\u0219i, anun\u0163\u0103 deschiderea sesiunilor de informare, animare \u015fi comunicare dedicate publicului interesat cu privire la proiectele ce pot fi finan\u0163ate \u00een baza celei de-a doua sesiuni de proiecte lansate <b>\u00een perioada 14.10.2013-29.11.2013 \u00a0<\/b>pentru urm\u0103toarele M\u0103suri din cadrul Planului de Dezvoltare Local\u0103:<\/p>\n<ul>\n<li>M\u0103sura 41.1.112- \u201cInstalarea tinerilor fermieri\u201d<\/li>\n<li>M\u0103sura 41.1.121-\u201cModernizarea exploata\u021biilor agricole\u201d<\/li>\n<li>M\u0103sura 41.1.123- \u201cCre\u0219terea valorii ad\u0103ugate a produselor agricole \u0219i forestiere\u201d<\/li>\n<li>M\u0103sura 41.3.322- \u201cRenovarea, dezvoltarea satelor, \u00eembunat\u0103\u021birea serviciilor de baz\u0103 pentru economia \u0219i popula\u021bia rural\u0103 \u0219i punerea \u00een valoare a mo\u0219tenirii rurale\u201d<\/li>\n<li>M\u0103sura 41.3.312-\u201eSprijin pentru crearea \u0219i dezvoltarea de micro-\u00eentreprinderi\u201d<\/li>\n<li>M\u0103sura 41.3.313-\u201c\u00cencurajarea activit\u0103\u021bilor turistice\u201d<\/li>\n<\/ul>\n<p style=\"text-align: justify;\">Seminariile se vor desf\u0103\u0219ura dup\u0103 urm\u0103torul program:<\/p>\n<table border=\"0\" cellspacing=\"0\" cellpadding=\"0\">\n<tbody>\n<tr>\n<td valign=\"top\" width=\"73\">Nr. crt.<\/td>\n<td valign=\"top\" width=\"193\">\n<p align=\"center\">Data<\/p>\n<\/td>\n<td valign=\"top\" width=\"110\">Interval orar<\/td>\n<td valign=\"top\" width=\"283\">\n<p align=\"center\">Loca\u021bia<\/p>\n<\/td>\n<\/tr>\n<tr>\n<td valign=\"top\" width=\"73\">\n<p align=\"center\">1<\/p>\n<\/td>\n<td valign=\"top\" width=\"193\">16 octombrie 2013<\/td>\n<td valign=\"top\" width=\"110\">1000-1200<\/td>\n<td valign=\"top\" width=\"283\">Prim\u0103ria Comunei Comlo\u0219u Mare<\/td>\n<\/tr>\n<tr>\n<td valign=\"top\" width=\"73\">\n<p align=\"center\">2<\/p>\n<\/td>\n<td valign=\"top\" width=\"193\">16 octombrie\u00a0 2013<\/td>\n<td valign=\"top\" width=\"110\">1300-1500<\/td>\n<td valign=\"top\" width=\"283\">Prim\u0103ria Comunei C\u0103rpini\u0219<\/td>\n<\/tr>\n<tr>\n<td valign=\"top\" width=\"73\">\n<p align=\"center\">3<\/p>\n<\/td>\n<td valign=\"top\" width=\"193\">17 octombrie 2013<\/td>\n<td valign=\"top\" width=\"110\">1000-1200<\/td>\n<td valign=\"top\" width=\"283\">Prim\u0103ria Comunei Uivar<\/td>\n<\/tr>\n<tr>\n<td valign=\"top\" width=\"73\">\n<p align=\"center\">4<\/p>\n<\/td>\n<td valign=\"top\" width=\"193\">17 octombrie 2013<\/td>\n<td valign=\"top\" width=\"110\">1300-1500<\/td>\n<td valign=\"top\" width=\"283\">Prim\u0103ria Comunei Otelec<\/td>\n<\/tr>\n<\/tbody>\n<\/table>\n<p style=\"text-align: justify;\">\u00cent\u00e2lnirea cu caracter public se adreseaz\u0103 at\u00e2t Administra\u021biilor Publice Locale c\u00e2t \u0219i poten\u021bialilor beneficiari priva\u021bi\u00a0(firme, ONG-uri) situate \u00een cadrul GAL-ului \u201cBanat-Vest\u201d,<\/p>\n<p style=\"text-align: justify;\"><span style=\"line-height: 1.5em;\">Totodat\u0103 seminariile se adreseaz\u0103\u0219i persoanelor fizice din teritoriul cuprins de GAL persoane care doresc s\u0103 \u00ee\u015fi dezvolte o afacere \u00een domeniul agricol, zootehnic, me\u015fte\u015fug\u0103resc etc prin ob\u0163inerea de fonduri nerambursabile pe baza criteriilor de eligibilitate specifice fiec\u0103rei m\u0103suri lansate \u00een cadrul apelului de selec \u021bie.<\/span><\/p>\n<p style=\"text-align: justify;\">Pentru mai multe informa\u021b ii despre \u00eent\u00e2lnire pute\u0163i apela num\u0103rul de telefon: 0256-360078 \u00a00736-618.197, persoan\u0103\u00a0de contact: Mihaela Soltesz, Manager General, e-mail: <a href=\"mailto:gal.banat_vest@yahoo.ro\">gal.banat_vest@yahoo.ro<\/a><\/p>\n<p>&nbsp;<\/p>\n<p style=\"text-align: center;\">Grupul de Ac\u0163iune Local\u0103 &#8222;Banat-Vest&#8221;\u00a0\u00a0\u00a0\u00a0\u00a0\u00a0\u00a0\u00a0\u00a0\u00a0\u00a0\u00a0\u00a0\u00a0\u00a0\u00a0\u00a0\u00a0\u00a0\u00a0\u00a0\u00a0\u00a0\u00a0\u00a0\u00a0\u00a0\u00a0\u00a0\u00a0\u00a0\u00a0\u00a0\u00a0\u00a0\u00a0\u00a0\u00a0\u00a0\u00a0\u00a0\u00a0\u00a0\u00a0\u00a0\u00a0\u00a0\u00a0\u00a0\u00a0\u00a0\u00a0\u00a0\u00a0\u00a0 Soltesz Mihaela,<\/p>\n<p style=\"text-align: center;\">Departament Comunicare \u015fi Rela\u0163ii Publice\u00a0\u00a0\u00a0\u00a0\u00a0\u00a0\u00a0\u00a0\u00a0\u00a0\u00a0\u00a0\u00a0\u00a0\u00a0\u00a0\u00a0\u00a0\u00a0\u00a0\u00a0\u00a0\u00a0\u00a0\u00a0\u00a0\u00a0\u00a0\u00a0\u00a0\u00a0\u00a0\u00a0\u00a0\u00a0\u00a0\u00a0\u00a0\u00a0\u00a0\u00a0\u00a0\u00a0\u00a0\u00a0\u00a0\u00a0\u00a0\u00a0\u00a0 Manager General GAL<\/p>\n<\/blockquote>\n","protected":false},"excerpt":{"rendered":"<p>Comunicat de pres\u0103, seminar de informare cu tema \u201ePerspective \u00een dezvoltarea local\u0103 \u00een cadrul teritoriului cuprins de Asocia\u021bia Grup de Ac\u021biune Local\u0103 Banat-Vest.\u201d GAL \u201cBANAT-VEST\u201d organizeaz\u0103 SEMINARII DE INFORMARE cu tema \u201ePerspective \u00een dezvoltarea local\u0103 \u00een cadrul teritoriului cuprins de Asocia\u021bia Grup de Ac\u021biune\u00a0Locala Banat-Vest\u201d. \u00a0Grupul de Ac\u0163iune Local\u0103 \u201cBanat-Vest\u201d, Jude\u0163ul Tim\u0219i, anun\u0163\u0103 deschiderea sesiunilor [&hellip;]<\/p>\n","protected":false},"author":1,"featured_media":3108,"comment_status":"open","ping_status":"open","sticky":false,"template":"","format":"standard","meta":{"_bbp_topic_count":0,"_bbp_reply_count":0,"_bbp_total_topic_count":0,"_bbp_total_reply_count":0,"_bbp_voice_count":0,"_bbp_anonymous_reply_count":0,"_bbp_topic_count_hidden":0,"_bbp_reply_count_hidden":0,"_bbp_forum_subforum_count":0,"footnotes":""},"categories":[68,37],"tags":[],"class_list":["post-3033","post","type-post","status-publish","format-standard","has-post-thumbnail","hentry","category-presa-2013","category-comunicare"],"_links":{"self":[{"href":"https:\/\/www.galbanatvest.ro\/index.php?rest_route=\/wp\/v2\/posts\/3033","targetHints":{"allow":["GET"]}}],"collection":[{"href":"https:\/\/www.galbanatvest.ro\/index.php?rest_route=\/wp\/v2\/posts"}],"about":[{"href":"https:\/\/www.galbanatvest.ro\/index.php?rest_route=\/wp\/v2\/types\/post"}],"author":[{"embeddable":true,"href":"https:\/\/www.galbanatvest.ro\/index.php?rest_route=\/wp\/v2\/users\/1"}],"replies":[{"embeddable":true,"href":"https:\/\/www.galbanatvest.ro\/index.php?rest_route=%2Fwp%2Fv2%2Fcomments&post=3033"}],"version-history":[{"count":5,"href":"https:\/\/www.galbanatvest.ro\/index.php?rest_route=\/wp\/v2\/posts\/3033\/revisions"}],"predecessor-version":[{"id":3347,"href":"https:\/\/www.galbanatvest.ro\/index.php?rest_route=\/wp\/v2\/posts\/3033\/revisions\/3347"}],"wp:featuredmedia":[{"embeddable":true,"href":"https:\/\/www.galbanatvest.ro\/index.php?rest_route=\/wp\/v2\/media\/3108"}],"wp:attachment":[{"href":"https:\/\/www.galbanatvest.ro\/index.php?rest_route=%2Fwp%2Fv2%2Fmedia&parent=3033"}],"wp:term":[{"taxonomy":"category","embeddable":true,"href":"https:\/\/www.galbanatvest.ro\/index.php?rest_route=%2Fwp%2Fv2%2Fcategories&post=3033"},{"taxonomy":"post_tag","embeddable":true,"href":"https:\/\/www.galbanatvest.ro\/index.php?rest_route=%2Fwp%2Fv2%2Ftags&post=3033"}],"curies":[{"name":"wp","href":"https:\/\/api.w.org\/{rel}","templated":true}]}}